{"id":2374,"date":"2023-09-08T21:52:11","date_gmt":"2023-09-08T19:52:11","guid":{"rendered":"https:\/\/lehmann-ambiente.ch\/?post_type=news&#038;p=2374"},"modified":"2023-09-08T21:52:12","modified_gmt":"2023-09-08T19:52:12","slug":"walter-knoll-promotion","status":"publish","type":"news","link":"https:\/\/lehmann-ambiente.ch\/fr\/news\/walter-knoll-promotion\/","title":{"rendered":"Promotion Walter Knoll"},"content":{"rendered":"<p>D\u00e9couvrez l'\u00e9l\u00e9gance intemporelle et la fonctionnalit\u00e9 sous toutes ses facettes.<\/p>\n\n\n\n<p>Jusqu'\u00e0 la fin de l'ann\u00e9e, b\u00e9n\u00e9ficiez de 20% de r\u00e9duction sur les Allrounders polyvalents <a href=\"https:\/\/lehmann-ambiente.ch\/fr\/kollektionen\/walter-knoll-oki\/\" data-type=\"kollektionen\" data-id=\"2255\">Oki Side Table<\/a> et <a href=\"https:\/\/lehmann-ambiente.ch\/fr\/kollektionen\/walter-knoll-muud\/\" data-type=\"kollektionen\" data-id=\"2151\">Canap\u00e9 Muud<\/a> de <a href=\"https:\/\/lehmann-ambiente.ch\/fr\/marque\/walter-knoll\/\" data-type=\"marke\" data-id=\"38\">Walter Knoll<\/a>.<\/p>\n\n\n\n<p>Valable en ligne ainsi que dans notre exposition \u00e0 Guin jusqu'au 31 d\u00e9cembre 2023.<\/p>\n\n\n\n<div class=\"wp-block-buttons is-layout-flex wp-block-buttons-is-layout-flex\">\n<div class=\"wp-block-button is-style-fill\"><a class=\"wp-block-button__link has-white-color has-black-background-color has-text-color has-background wp-element-button\" href=\"https:\/\/lehmann-ambiente.ch\/fr\/walter-knoll-promotion\/\" style=\"border-radius:0px\">D\u00c9COUVRIR LA PROMOTION<\/a><\/div>\n<\/div>","protected":false},"excerpt":{"rendered":"<p>D\u00e9couvrez l'\u00e9l\u00e9gance intemporelle et la fonctionnalit\u00e9 sous toutes ses facettes. Jusqu'\u00e0 la fin de l'ann\u00e9e, vous b\u00e9n\u00e9ficiez de 20% de rabais sur les meubles polyvalents Oki Side Table et Muud Sofa de Walter Knoll. Valable en ligne ainsi que dans notre exposition \u00e0 Guin jusqu'au 31 d\u00e9cembre 2023.<\/p>","protected":false},"featured_media":2169,"template":"","class_list":["post-2374","news","type-news","status-publish","has-post-thumbnail","hentry"],"acf":[],"_links":{"self":[{"href":"https:\/\/lehmann-ambiente.ch\/fr\/wp-json\/wp\/v2\/news\/2374","targetHints":{"allow":["GET"]}}],"collection":[{"href":"https:\/\/lehmann-ambiente.ch\/fr\/wp-json\/wp\/v2\/news"}],"about":[{"href":"https:\/\/lehmann-ambiente.ch\/fr\/wp-json\/wp\/v2\/types\/news"}],"wp:featuredmedia":[{"embeddable":true,"href":"https:\/\/lehmann-ambiente.ch\/fr\/wp-json\/wp\/v2\/media\/2169"}],"wp:attachment":[{"href":"https:\/\/lehmann-ambiente.ch\/fr\/wp-json\/wp\/v2\/media?parent=2374"}],"curies":[{"name":"wp","href":"https:\/\/api.w.org\/{rel}","templated":true}]}}